{"id":13348,"date":"2022-01-21T14:19:40","date_gmt":"2022-01-21T13:19:40","guid":{"rendered":"http:\/\/test.concept.tn\/?p=13348"},"modified":"2022-04-14T11:49:18","modified_gmt":"2022-04-14T09:49:18","slug":"fevrier-2020-ouganda-20e-edition-du-congres-international-de-lassociation-africaine-de-leau","status":"publish","type":"post","link":"https:\/\/www.concept.tn\/en\/2022\/01\/21\/fevrier-2020-ouganda-20e-edition-du-congres-international-de-lassociation-africaine-de-leau\/","title":{"rendered":"February 2020-Uganda: 20th AFWA Congress"},"content":{"rendered":"<p>Water professionals from Africa and around the world gathered in Kampala from February 24 to 27, 2020 for the 20th edition of the International Congress and Exhibition organized<a href=\"https:\/\/www.afwa-hq.org\/index.php\/fr\/\">African Water Association<\/a>which is the world's largest water event. They participated in the event nearly 2,000 participants from 50 countries, a hundred exhibitors; more than 260 presentations and sessions were provided on this occasion.<\/p>\n\n\n\n<p>Present at the congress,<a href=\"https:\/\/www.concept.tn\/en\/qui-somme-nous\/\"> CONCEPT <\/a>was the only private engineering consulting firm in Tunisia and one of the few African firms.<br>This year's theme is \"Opening new ways to accelerate access to safe water and sanitation for all in Africa\". For the organizers, it was a question of sharing ideas and resources, seeking new advances and innovations, cooperating between nations, between generations and actors in the field to address the issue of access to water and sanitation. Exchanges revolved around the following sub-themes: water management, sanitation management, capacity building, financing, research and innovation, and governance and regulation.<\/p>","protected":false},"excerpt":{"rendered":"<p>Les professionnels de l\u2019eau d\u2019Afrique et du monde se sont retrouv\u00e9s \u00e0 Kampala du 24 au 27 f\u00e9vrier 2020 dans le cadre de la 20e \u00e9dition du Congr\u00e8s international et de l\u2019exposition organis\u00e9e par l\u2019Association africaine de l\u2019eau. Ont particip\u00e9 \u00e0 l\u2019\u00e9v\u00e9nement pr\u00e8s de 2\u2009000 participants issus de 90 pays, une centaine d\u2019exposants ; plus [&hellip;]<\/p>","protected":false},"author":1,"featured_media":13356,"comment_status":"closed","ping_status":"closed","sticky":false,"template":"","format":"standard","meta":{"footnotes":""},"categories":[50],"tags":[],"class_list":["post-13348","post","type-post","status-publish","format-standard","has-post-thumbnail","hentry","category-actualite-entreprise"],"yoast_head":"<!-- This site is optimized with the Yoast SEO plugin v24.5 - https:\/\/yoast.com\/wordpress\/plugins\/seo\/ -->\n<title>F\u00e9vrier 2020-Ouganda: 20e \u00e9dition du Congr\u00e8s de l\u2019AFWA - concept<\/title>\n<meta name=\"description\" content=\"20e \u00e9dition du Congr\u00e8s international de l\u2019Association africaine de l\u2019eau\" \/>\n<meta name=\"robots\" content=\"index, follow, max-snippet:-1, max-image-preview:large, max-video-preview:-1\" \/>\n<link rel=\"canonical\" href=\"https:\/\/www.concept.tn\/en\/2022\/01\/21\/fevrier-2020-ouganda-20e-edition-du-congres-international-de-lassociation-africaine-de-leau\/\" \/>\n<meta property=\"og:locale\" content=\"en_GB\" \/>\n<meta property=\"og:type\" content=\"article\" \/>\n<meta property=\"og:title\" content=\"F\u00e9vrier 2020-Ouganda: 20e \u00e9dition du Congr\u00e8s de l\u2019AFWA - concept\" \/>\n<meta property=\"og:description\" content=\"20e \u00e9dition du Congr\u00e8s international de l\u2019Association africaine de l\u2019eau\" \/>\n<meta property=\"og:url\" content=\"https:\/\/www.concept.tn\/en\/2022\/01\/21\/fevrier-2020-ouganda-20e-edition-du-congres-international-de-lassociation-africaine-de-leau\/\" \/>\n<meta property=\"og:site_name\" content=\"concept\" \/>\n<meta property=\"article:published_time\" content=\"2022-01-21T13:19:40+00:00\" \/>\n<meta property=\"article:modified_time\" content=\"2022-04-14T09:49:18+00:00\" \/>\n<meta property=\"og:image\" content=\"https:\/\/www.concept.tn\/wp-content\/uploads\/2022\/01\/capture_31.jpg\" \/>\n\t<meta property=\"og:image:width\" content=\"562\" \/>\n\t<meta property=\"og:image:height\" content=\"498\" \/>\n\t<meta property=\"og:image:type\" content=\"image\/jpeg\" \/>\n<meta name=\"author\" content=\"admin\" \/>\n<meta name=\"twitter:card\" content=\"summary_large_image\" \/>\n<meta name=\"twitter:label1\" content=\"Written by\" \/>\n\t<meta name=\"twitter:data1\" content=\"admin\" \/>\n\t<meta name=\"twitter:label2\" content=\"Estimated reading time\" \/>\n\t<meta name=\"twitter:data2\" content=\"1 minute\" \/>\n<script type=\"application\/ld+json\" class=\"yoast-schema-graph\">{\"@context\":\"https:\/\/schema.org\",\"@graph\":[{\"@type\":\"WebPage\",\"@id\":\"https:\/\/www.concept.tn\/2022\/01\/21\/fevrier-2020-ouganda-20e-edition-du-congres-international-de-lassociation-africaine-de-leau\/\",\"url\":\"https:\/\/www.concept.tn\/2022\/01\/21\/fevrier-2020-ouganda-20e-edition-du-congres-international-de-lassociation-africaine-de-leau\/\",\"name\":\"F\u00e9vrier 2020-Ouganda: 20e \u00e9dition du Congr\u00e8s de l\u2019AFWA - concept\",\"isPartOf\":{\"@id\":\"https:\/\/www.concept.tn\/#website\"},\"primaryImageOfPage\":{\"@id\":\"https:\/\/www.concept.tn\/2022\/01\/21\/fevrier-2020-ouganda-20e-edition-du-congres-international-de-lassociation-africaine-de-leau\/#primaryimage\"},\"image\":{\"@id\":\"https:\/\/www.concept.tn\/2022\/01\/21\/fevrier-2020-ouganda-20e-edition-du-congres-international-de-lassociation-africaine-de-leau\/#primaryimage\"},\"thumbnailUrl\":\"https:\/\/www.concept.tn\/wp-content\/uploads\/2022\/01\/capture_31.jpg\",\"datePublished\":\"2022-01-21T13:19:40+00:00\",\"dateModified\":\"2022-04-14T09:49:18+00:00\",\"author\":{\"@id\":\"https:\/\/www.concept.tn\/#\/schema\/person\/1761b592d52bd7d773b4c1111ac75241\"},\"description\":\"20e \u00e9dition du Congr\u00e8s international de l\u2019Association africaine de l\u2019eau\",\"breadcrumb\":{\"@id\":\"https:\/\/www.concept.tn\/2022\/01\/21\/fevrier-2020-ouganda-20e-edition-du-congres-international-de-lassociation-africaine-de-leau\/#breadcrumb\"},\"inLanguage\":\"en-GB\",\"potentialAction\":[{\"@type\":\"ReadAction\",\"target\":[\"https:\/\/www.concept.tn\/2022\/01\/21\/fevrier-2020-ouganda-20e-edition-du-congres-international-de-lassociation-africaine-de-leau\/\"]}]},{\"@type\":\"ImageObject\",\"inLanguage\":\"en-GB\",\"@id\":\"https:\/\/www.concept.tn\/2022\/01\/21\/fevrier-2020-ouganda-20e-edition-du-congres-international-de-lassociation-africaine-de-leau\/#primaryimage\",\"url\":\"https:\/\/www.concept.tn\/wp-content\/uploads\/2022\/01\/capture_31.jpg\",\"contentUrl\":\"https:\/\/www.concept.tn\/wp-content\/uploads\/2022\/01\/capture_31.jpg\",\"width\":562,\"height\":498},{\"@type\":\"BreadcrumbList\",\"@id\":\"https:\/\/www.concept.tn\/2022\/01\/21\/fevrier-2020-ouganda-20e-edition-du-congres-international-de-lassociation-africaine-de-leau\/#breadcrumb\",\"itemListElement\":[{\"@type\":\"ListItem\",\"position\":1,\"name\":\"Accueil\",\"item\":\"https:\/\/www.concept.tn\/\"},{\"@type\":\"ListItem\",\"position\":2,\"name\":\"F\u00e9vrier 2020-Ouganda: 20e \u00e9dition du Congr\u00e8s de l\u2019AFWA\"}]},{\"@type\":\"WebSite\",\"@id\":\"https:\/\/www.concept.tn\/#website\",\"url\":\"https:\/\/www.concept.tn\/\",\"name\":\"concept\",\"description\":\"L\u2019ing\u00e9nierie au service du d\u00e9veloppement durable\",\"potentialAction\":[{\"@type\":\"SearchAction\",\"target\":{\"@type\":\"EntryPoint\",\"urlTemplate\":\"https:\/\/www.concept.tn\/?s={search_term_string}\"},\"query-input\":{\"@type\":\"PropertyValueSpecification\",\"valueRequired\":true,\"valueName\":\"search_term_string\"}}],\"inLanguage\":\"en-GB\"},{\"@type\":\"Person\",\"@id\":\"https:\/\/www.concept.tn\/#\/schema\/person\/1761b592d52bd7d773b4c1111ac75241\",\"name\":\"admin\",\"image\":{\"@type\":\"ImageObject\",\"inLanguage\":\"en-GB\",\"@id\":\"https:\/\/www.concept.tn\/#\/schema\/person\/image\/\",\"url\":\"https:\/\/secure.gravatar.com\/avatar\/e397dd37c6fa3c3cc8949d9e3b3b89c39b19d1d82f7cbcc63891f96341096a08?s=96&d=mm&r=g\",\"contentUrl\":\"https:\/\/secure.gravatar.com\/avatar\/e397dd37c6fa3c3cc8949d9e3b3b89c39b19d1d82f7cbcc63891f96341096a08?s=96&d=mm&r=g\",\"caption\":\"admin\"},\"sameAs\":[\"http:\/\/concept.local\"],\"url\":\"https:\/\/www.concept.tn\/en\/author\/admin\/\"}]}<\/script>\n<!-- \/ Yoast SEO plugin. -->","yoast_head_json":{"title":"F\u00e9vrier 2020-Ouganda: 20e \u00e9dition du Congr\u00e8s de l\u2019AFWA - concept","description":"20e \u00e9dition du Congr\u00e8s international de l\u2019Association africaine de l\u2019eau","robots":{"index":"index","follow":"follow","max-snippet":"max-snippet:-1","max-image-preview":"max-image-preview:large","max-video-preview":"max-video-preview:-1"},"canonical":"https:\/\/www.concept.tn\/en\/2022\/01\/21\/fevrier-2020-ouganda-20e-edition-du-congres-international-de-lassociation-africaine-de-leau\/","og_locale":"en_GB","og_type":"article","og_title":"F\u00e9vrier 2020-Ouganda: 20e \u00e9dition du Congr\u00e8s de l\u2019AFWA - concept","og_description":"20e \u00e9dition du Congr\u00e8s international de l\u2019Association africaine de l\u2019eau","og_url":"https:\/\/www.concept.tn\/en\/2022\/01\/21\/fevrier-2020-ouganda-20e-edition-du-congres-international-de-lassociation-africaine-de-leau\/","og_site_name":"concept","article_published_time":"2022-01-21T13:19:40+00:00","article_modified_time":"2022-04-14T09:49:18+00:00","og_image":[{"width":562,"height":498,"url":"https:\/\/www.concept.tn\/wp-content\/uploads\/2022\/01\/capture_31.jpg","type":"image\/jpeg"}],"author":"admin","twitter_card":"summary_large_image","twitter_misc":{"Written by":"admin","Estimated reading time":"1 minute"},"schema":{"@context":"https:\/\/schema.org","@graph":[{"@type":"WebPage","@id":"https:\/\/www.concept.tn\/2022\/01\/21\/fevrier-2020-ouganda-20e-edition-du-congres-international-de-lassociation-africaine-de-leau\/","url":"https:\/\/www.concept.tn\/2022\/01\/21\/fevrier-2020-ouganda-20e-edition-du-congres-international-de-lassociation-africaine-de-leau\/","name":"F\u00e9vrier 2020-Ouganda: 20e \u00e9dition du Congr\u00e8s de l\u2019AFWA - concept","isPartOf":{"@id":"https:\/\/www.concept.tn\/#website"},"primaryImageOfPage":{"@id":"https:\/\/www.concept.tn\/2022\/01\/21\/fevrier-2020-ouganda-20e-edition-du-congres-international-de-lassociation-africaine-de-leau\/#primaryimage"},"image":{"@id":"https:\/\/www.concept.tn\/2022\/01\/21\/fevrier-2020-ouganda-20e-edition-du-congres-international-de-lassociation-africaine-de-leau\/#primaryimage"},"thumbnailUrl":"https:\/\/www.concept.tn\/wp-content\/uploads\/2022\/01\/capture_31.jpg","datePublished":"2022-01-21T13:19:40+00:00","dateModified":"2022-04-14T09:49:18+00:00","author":{"@id":"https:\/\/www.concept.tn\/#\/schema\/person\/1761b592d52bd7d773b4c1111ac75241"},"description":"20e \u00e9dition du Congr\u00e8s international de l\u2019Association africaine de l\u2019eau","breadcrumb":{"@id":"https:\/\/www.concept.tn\/2022\/01\/21\/fevrier-2020-ouganda-20e-edition-du-congres-international-de-lassociation-africaine-de-leau\/#breadcrumb"},"inLanguage":"en-GB","potentialAction":[{"@type":"ReadAction","target":["https:\/\/www.concept.tn\/2022\/01\/21\/fevrier-2020-ouganda-20e-edition-du-congres-international-de-lassociation-africaine-de-leau\/"]}]},{"@type":"ImageObject","inLanguage":"en-GB","@id":"https:\/\/www.concept.tn\/2022\/01\/21\/fevrier-2020-ouganda-20e-edition-du-congres-international-de-lassociation-africaine-de-leau\/#primaryimage","url":"https:\/\/www.concept.tn\/wp-content\/uploads\/2022\/01\/capture_31.jpg","contentUrl":"https:\/\/www.concept.tn\/wp-content\/uploads\/2022\/01\/capture_31.jpg","width":562,"height":498},{"@type":"BreadcrumbList","@id":"https:\/\/www.concept.tn\/2022\/01\/21\/fevrier-2020-ouganda-20e-edition-du-congres-international-de-lassociation-africaine-de-leau\/#breadcrumb","itemListElement":[{"@type":"ListItem","position":1,"name":"Accueil","item":"https:\/\/www.concept.tn\/"},{"@type":"ListItem","position":2,"name":"F\u00e9vrier 2020-Ouganda: 20e \u00e9dition du Congr\u00e8s de l\u2019AFWA"}]},{"@type":"WebSite","@id":"https:\/\/www.concept.tn\/#website","url":"https:\/\/www.concept.tn\/","name":"concept","description":"L\u2019ing\u00e9nierie au service du d\u00e9veloppement durable","potentialAction":[{"@type":"SearchAction","target":{"@type":"EntryPoint","urlTemplate":"https:\/\/www.concept.tn\/?s={search_term_string}"},"query-input":{"@type":"PropertyValueSpecification","valueRequired":true,"valueName":"search_term_string"}}],"inLanguage":"en-GB"},{"@type":"Person","@id":"https:\/\/www.concept.tn\/#\/schema\/person\/1761b592d52bd7d773b4c1111ac75241","name":"admin","image":{"@type":"ImageObject","inLanguage":"en-GB","@id":"https:\/\/www.concept.tn\/#\/schema\/person\/image\/","url":"https:\/\/secure.gravatar.com\/avatar\/e397dd37c6fa3c3cc8949d9e3b3b89c39b19d1d82f7cbcc63891f96341096a08?s=96&d=mm&r=g","contentUrl":"https:\/\/secure.gravatar.com\/avatar\/e397dd37c6fa3c3cc8949d9e3b3b89c39b19d1d82f7cbcc63891f96341096a08?s=96&d=mm&r=g","caption":"admin"},"sameAs":["http:\/\/concept.local"],"url":"https:\/\/www.concept.tn\/en\/author\/admin\/"}]}},"_links":{"self":[{"href":"https:\/\/www.concept.tn\/en\/wp-json\/wp\/v2\/posts\/13348","targetHints":{"allow":["GET"]}}],"collection":[{"href":"https:\/\/www.concept.tn\/en\/wp-json\/wp\/v2\/posts"}],"about":[{"href":"https:\/\/www.concept.tn\/en\/wp-json\/wp\/v2\/types\/post"}],"author":[{"embeddable":true,"href":"https:\/\/www.concept.tn\/en\/wp-json\/wp\/v2\/users\/1"}],"replies":[{"embeddable":true,"href":"https:\/\/www.concept.tn\/en\/wp-json\/wp\/v2\/comments?post=13348"}],"version-history":[{"count":4,"href":"https:\/\/www.concept.tn\/en\/wp-json\/wp\/v2\/posts\/13348\/revisions"}],"predecessor-version":[{"id":13674,"href":"https:\/\/www.concept.tn\/en\/wp-json\/wp\/v2\/posts\/13348\/revisions\/13674"}],"wp:featuredmedia":[{"embeddable":true,"href":"https:\/\/www.concept.tn\/en\/wp-json\/wp\/v2\/media\/13356"}],"wp:attachment":[{"href":"https:\/\/www.concept.tn\/en\/wp-json\/wp\/v2\/media?parent=13348"}],"wp:term":[{"taxonomy":"category","embeddable":true,"href":"https:\/\/www.concept.tn\/en\/wp-json\/wp\/v2\/categories?post=13348"},{"taxonomy":"post_tag","embeddable":true,"href":"https:\/\/www.concept.tn\/en\/wp-json\/wp\/v2\/tags?post=13348"}],"curies":[{"name":"wp","href":"https:\/\/api.w.org\/{rel}","templated":true}]}}