{"id":14529,"date":"2025-06-03T09:25:05","date_gmt":"2025-06-03T07:25:05","guid":{"rendered":"https:\/\/www.concept.tn\/?p=14529"},"modified":"2025-06-04T11:02:50","modified_gmt":"2025-06-04T09:02:50","slug":"mai-2025-participation-active-de-concept-dans-les-reunions-annuelles-de-la-banque-islamique-de-developpement-a-alger","status":"publish","type":"post","link":"https:\/\/www.concept.tn\/en\/2025\/06\/03\/mai-2025-participation-active-de-concept-dans-les-reunions-annuelles-de-la-banque-islamique-de-developpement-a-alger\/","title":{"rendered":"May 2025: Active participation of CONCEPT in the annual meetings of the Islamic Development Bank in Algiers \u00a0\u00a0"},"content":{"rendered":"<p>Algiers, capital of development challenges for Muslim countries in 2025.&nbsp;<br>From May 19 to 22, 2025, Algiers hosted the annual meetings of the Islamic Development Bank (IDB) Group, a strategic event bringing together representatives of the 57 member countries, economic decision-makers and development engineering experts.&nbsp;<\/p>\n\n\n\n<p>Among the regular participants for more than 20 years, the CONCEPT group has marked its active presence through the participation of its President Mr. Imed E. Nouri, marking its commitment to structuring projects financed by the IDB in Africa and the Muslim world. &nbsp;<\/p>\n\n\n\n<p>Projects of <a href=\"https:\/\/www.concept.tn\/en\/\">CONCEPT<\/a> financed by the <a href=\"https:\/\/www.isdb.org\/fr\">IDB<\/a> : <\/p>\n\n\n\n<p>The history of projects entrusted by the IDB to CONCEPT dates back to 2003, with the completion of a first flagship project: the drinking water supply of the city of Touba in Senegal. Since then, the group has consolidated its expertise in sustainable infrastructure, its latest project financed by the IDB being the Conakry Sanitation Project (PAC) in Guinea, for which studies have been carried out since 2020 and work is currently underway.\u00a0<\/p>\n\n\n\n<p>This multidimensional project includes:&nbsp;<\/p>\n\n\n\n<ul class=\"wp-block-list\">\n<li>Rainwater drainage&nbsp;<\/li>\n\n\n\n<li>Treatment of sewage sludge&nbsp;<\/li>\n\n\n\n<li>Household solid waste management.&nbsp;<\/li>\n<\/ul>\n\n\n\n<p>It constitutes a concrete example of the impact of IDB financing in improving living conditions and the development of African cities.&nbsp;<\/p>\n\n\n\n<p>Strategic meetings and future prospects&nbsp;<\/p>\n\n\n\n<p>During these meetings, the President of CONCEPT met with key decision-makers, consulting engineers, and institutional partners, particularly those from Guinea-Conakry. These discussions provided an opportunity to explore new opportunities for cooperation in future projects supported by the IDB and other international donors.&nbsp;<\/p>\n\n\n\n<p>CONCEPT\u2019s commitment to a diversified and digitalized economy&nbsp;<\/p>\n\n\n\n<p>Through its involvement in IDB projects, CONCEPT contributes to the modernization of infrastructure in Africa. These initiatives are part of a broader vision: promoting inclusive and sustainable growth through innovation and the digitalization of key sectors. This commitment was strongly reiterated by Mr. Nouri in the interviews he gave to Algerian television. (See link below)<\/p>\n\n\n\n<p>In conclusion, CONCEPT's active participation in the IDB's annual meetings confirms its commitment to major development projects in Africa. <\/p>\n\n\n\n<figure class=\"wp-block-embed is-type-video is-provider-youtube wp-block-embed-youtube wp-embed-aspect-16-9 wp-has-aspect-ratio\"><div class=\"wp-block-embed__wrapper\">\n<iframe title=\"\u0627\u0644\u0628\u0646\u0643 \u0627\u0644\u0627\u0633\u0644\u0627\u0645\u064a \u0644\u0644\u062a\u0646\u0645\u064a\u0629.. \u0645\u0648\u0627\u0631\u062f \u0645\u0627\u0644\u064a\u0629 \u0636\u062e\u0645\u0629 \u0648\u0627\u0633\u062a\u062b\u0645\u0627\u0631\u0627\u062a \u0645\u062a\u0648\u0627\u0636\u0639\u0629\" width=\"1140\" height=\"641\" src=\"https:\/\/www.youtube.com\/embed\/rGYOIBajTUw?feature=oembed\" frameborder=\"0\" allow=\"accelerometer; autoplay; clipboard-write; encrypted-media; gyroscope; picture-in-picture; web-share\" referrerpolicy=\"strict-origin-when-cross-origin\" allowfullscreen><\/iframe>\n<\/div><\/figure>","protected":false},"excerpt":{"rendered":"<p>Alger, capitale des enjeux du d\u00e9veloppement des pays du monde musulman en 2025.&nbsp;Du 19 au 22 mai 2025, Alger a accueilli les\u202fr\u00e9unions annuelles du Groupe de la Banque Islamique de D\u00e9veloppement (BID), un \u00e9v\u00e9nement strat\u00e9gique rassemblant les repr\u00e9sentants des\u202f57 pays membres, les d\u00e9cideurs \u00e9conomiques et les experts en ing\u00e9nierie du d\u00e9veloppement.&nbsp; Parmi les participants r\u00e9guliers [&hellip;]<\/p>","protected":false},"author":1,"featured_media":14530,"comment_status":"closed","ping_status":"closed","sticky":false,"template":"","format":"standard","meta":{"footnotes":""},"categories":[50],"tags":[],"class_list":["post-14529","post","type-post","status-publish","format-standard","has-post-thumbnail","hentry","category-actualite-entreprise"],"yoast_head":"<!-- This site is optimized with the Yoast SEO plugin v24.5 - https:\/\/yoast.com\/wordpress\/plugins\/seo\/ -->\n<title>Mai 2025\u202f: Participation active de CONCEPT dans les r\u00e9unions annuelles de la Banque Islamique de D\u00e9veloppement \u00e0 Alger \u00a0\u00a0 - concept<\/title>\n<meta name=\"description\" content=\"Mai 2025\u202f: Participation active de CONCEPT dans les r\u00e9unions annuelles de la Banque Islamique de D\u00e9veloppement \u00e0 Alger\" \/>\n<meta name=\"robots\" content=\"index, follow, max-snippet:-1, max-image-preview:large, max-video-preview:-1\" \/>\n<link rel=\"canonical\" href=\"https:\/\/www.concept.tn\/en\/2025\/06\/03\/mai-2025-participation-active-de-concept-dans-les-reunions-annuelles-de-la-banque-islamique-de-developpement-a-alger\/\" \/>\n<meta property=\"og:locale\" content=\"en_GB\" \/>\n<meta property=\"og:type\" content=\"article\" \/>\n<meta property=\"og:title\" content=\"Mai 2025\u202f: Participation active de CONCEPT dans les r\u00e9unions annuelles de la Banque Islamique de D\u00e9veloppement \u00e0 Alger \u00a0\u00a0 - concept\" \/>\n<meta property=\"og:description\" content=\"Mai 2025\u202f: Participation active de CONCEPT dans les r\u00e9unions annuelles de la Banque Islamique de D\u00e9veloppement \u00e0 Alger\" \/>\n<meta property=\"og:url\" content=\"https:\/\/www.concept.tn\/en\/2025\/06\/03\/mai-2025-participation-active-de-concept-dans-les-reunions-annuelles-de-la-banque-islamique-de-developpement-a-alger\/\" \/>\n<meta property=\"og:site_name\" content=\"concept\" \/>\n<meta property=\"article:published_time\" content=\"2025-06-03T07:25:05+00:00\" \/>\n<meta property=\"article:modified_time\" content=\"2025-06-04T09:02:50+00:00\" \/>\n<meta property=\"og:image\" content=\"https:\/\/www.concept.tn\/wp-content\/uploads\/2025\/06\/images.jpg\" \/>\n\t<meta property=\"og:image:width\" content=\"310\" \/>\n\t<meta property=\"og:image:height\" content=\"163\" \/>\n\t<meta property=\"og:image:type\" content=\"image\/jpeg\" \/>\n<meta name=\"author\" content=\"admin\" \/>\n<meta name=\"twitter:card\" content=\"summary_large_image\" \/>\n<meta name=\"twitter:label1\" content=\"Written by\" \/>\n\t<meta name=\"twitter:data1\" content=\"admin\" \/>\n\t<meta name=\"twitter:label2\" content=\"Estimated reading time\" \/>\n\t<meta name=\"twitter:data2\" content=\"3 minutes\" \/>\n<script type=\"application\/ld+json\" class=\"yoast-schema-graph\">{\"@context\":\"https:\/\/schema.org\",\"@graph\":[{\"@type\":\"WebPage\",\"@id\":\"https:\/\/www.concept.tn\/2025\/06\/03\/mai-2025-participation-active-de-concept-dans-les-reunions-annuelles-de-la-banque-islamique-de-developpement-a-alger\/\",\"url\":\"https:\/\/www.concept.tn\/2025\/06\/03\/mai-2025-participation-active-de-concept-dans-les-reunions-annuelles-de-la-banque-islamique-de-developpement-a-alger\/\",\"name\":\"Mai 2025\u202f: Participation active de CONCEPT dans les r\u00e9unions annuelles de la Banque Islamique de D\u00e9veloppement \u00e0 Alger \u00a0\u00a0 - concept\",\"isPartOf\":{\"@id\":\"https:\/\/www.concept.tn\/#website\"},\"primaryImageOfPage\":{\"@id\":\"https:\/\/www.concept.tn\/2025\/06\/03\/mai-2025-participation-active-de-concept-dans-les-reunions-annuelles-de-la-banque-islamique-de-developpement-a-alger\/#primaryimage\"},\"image\":{\"@id\":\"https:\/\/www.concept.tn\/2025\/06\/03\/mai-2025-participation-active-de-concept-dans-les-reunions-annuelles-de-la-banque-islamique-de-developpement-a-alger\/#primaryimage\"},\"thumbnailUrl\":\"https:\/\/www.concept.tn\/wp-content\/uploads\/2025\/06\/images.jpg\",\"datePublished\":\"2025-06-03T07:25:05+00:00\",\"dateModified\":\"2025-06-04T09:02:50+00:00\",\"author\":{\"@id\":\"https:\/\/www.concept.tn\/#\/schema\/person\/1761b592d52bd7d773b4c1111ac75241\"},\"description\":\"Mai 2025\u202f: Participation active de CONCEPT dans les r\u00e9unions annuelles de la Banque Islamique de D\u00e9veloppement \u00e0 Alger\",\"breadcrumb\":{\"@id\":\"https:\/\/www.concept.tn\/2025\/06\/03\/mai-2025-participation-active-de-concept-dans-les-reunions-annuelles-de-la-banque-islamique-de-developpement-a-alger\/#breadcrumb\"},\"inLanguage\":\"en-GB\",\"potentialAction\":[{\"@type\":\"ReadAction\",\"target\":[\"https:\/\/www.concept.tn\/2025\/06\/03\/mai-2025-participation-active-de-concept-dans-les-reunions-annuelles-de-la-banque-islamique-de-developpement-a-alger\/\"]}]},{\"@type\":\"ImageObject\",\"inLanguage\":\"en-GB\",\"@id\":\"https:\/\/www.concept.tn\/2025\/06\/03\/mai-2025-participation-active-de-concept-dans-les-reunions-annuelles-de-la-banque-islamique-de-developpement-a-alger\/#primaryimage\",\"url\":\"https:\/\/www.concept.tn\/wp-content\/uploads\/2025\/06\/images.jpg\",\"contentUrl\":\"https:\/\/www.concept.tn\/wp-content\/uploads\/2025\/06\/images.jpg\",\"width\":310,\"height\":163,\"caption\":\"D\u00e9veloppement\"},{\"@type\":\"BreadcrumbList\",\"@id\":\"https:\/\/www.concept.tn\/2025\/06\/03\/mai-2025-participation-active-de-concept-dans-les-reunions-annuelles-de-la-banque-islamique-de-developpement-a-alger\/#breadcrumb\",\"itemListElement\":[{\"@type\":\"ListItem\",\"position\":1,\"name\":\"Accueil\",\"item\":\"https:\/\/www.concept.tn\/\"},{\"@type\":\"ListItem\",\"position\":2,\"name\":\"Mai 2025\u202f: Participation active de CONCEPT dans les r\u00e9unions annuelles de la Banque Islamique de D\u00e9veloppement \u00e0 Alger \u00a0\u00a0\"}]},{\"@type\":\"WebSite\",\"@id\":\"https:\/\/www.concept.tn\/#website\",\"url\":\"https:\/\/www.concept.tn\/\",\"name\":\"concept\",\"description\":\"L\u2019ing\u00e9nierie au service du d\u00e9veloppement durable\",\"potentialAction\":[{\"@type\":\"SearchAction\",\"target\":{\"@type\":\"EntryPoint\",\"urlTemplate\":\"https:\/\/www.concept.tn\/?s={search_term_string}\"},\"query-input\":{\"@type\":\"PropertyValueSpecification\",\"valueRequired\":true,\"valueName\":\"search_term_string\"}}],\"inLanguage\":\"en-GB\"},{\"@type\":\"Person\",\"@id\":\"https:\/\/www.concept.tn\/#\/schema\/person\/1761b592d52bd7d773b4c1111ac75241\",\"name\":\"admin\",\"image\":{\"@type\":\"ImageObject\",\"inLanguage\":\"en-GB\",\"@id\":\"https:\/\/www.concept.tn\/#\/schema\/person\/image\/\",\"url\":\"https:\/\/secure.gravatar.com\/avatar\/e397dd37c6fa3c3cc8949d9e3b3b89c39b19d1d82f7cbcc63891f96341096a08?s=96&d=mm&r=g\",\"contentUrl\":\"https:\/\/secure.gravatar.com\/avatar\/e397dd37c6fa3c3cc8949d9e3b3b89c39b19d1d82f7cbcc63891f96341096a08?s=96&d=mm&r=g\",\"caption\":\"admin\"},\"sameAs\":[\"http:\/\/concept.local\"],\"url\":\"https:\/\/www.concept.tn\/en\/author\/admin\/\"}]}<\/script>\n<!-- \/ Yoast SEO plugin. -->","yoast_head_json":{"title":"Mai 2025\u202f: Participation active de CONCEPT dans les r\u00e9unions annuelles de la Banque Islamique de D\u00e9veloppement \u00e0 Alger \u00a0\u00a0 - concept","description":"Mai 2025\u202f: Participation active de CONCEPT dans les r\u00e9unions annuelles de la Banque Islamique de D\u00e9veloppement \u00e0 Alger","robots":{"index":"index","follow":"follow","max-snippet":"max-snippet:-1","max-image-preview":"max-image-preview:large","max-video-preview":"max-video-preview:-1"},"canonical":"https:\/\/www.concept.tn\/en\/2025\/06\/03\/mai-2025-participation-active-de-concept-dans-les-reunions-annuelles-de-la-banque-islamique-de-developpement-a-alger\/","og_locale":"en_GB","og_type":"article","og_title":"Mai 2025\u202f: Participation active de CONCEPT dans les r\u00e9unions annuelles de la Banque Islamique de D\u00e9veloppement \u00e0 Alger \u00a0\u00a0 - concept","og_description":"Mai 2025\u202f: Participation active de CONCEPT dans les r\u00e9unions annuelles de la Banque Islamique de D\u00e9veloppement \u00e0 Alger","og_url":"https:\/\/www.concept.tn\/en\/2025\/06\/03\/mai-2025-participation-active-de-concept-dans-les-reunions-annuelles-de-la-banque-islamique-de-developpement-a-alger\/","og_site_name":"concept","article_published_time":"2025-06-03T07:25:05+00:00","article_modified_time":"2025-06-04T09:02:50+00:00","og_image":[{"width":310,"height":163,"url":"https:\/\/www.concept.tn\/wp-content\/uploads\/2025\/06\/images.jpg","type":"image\/jpeg"}],"author":"admin","twitter_card":"summary_large_image","twitter_misc":{"Written by":"admin","Estimated reading time":"3 minutes"},"schema":{"@context":"https:\/\/schema.org","@graph":[{"@type":"WebPage","@id":"https:\/\/www.concept.tn\/2025\/06\/03\/mai-2025-participation-active-de-concept-dans-les-reunions-annuelles-de-la-banque-islamique-de-developpement-a-alger\/","url":"https:\/\/www.concept.tn\/2025\/06\/03\/mai-2025-participation-active-de-concept-dans-les-reunions-annuelles-de-la-banque-islamique-de-developpement-a-alger\/","name":"Mai 2025\u202f: Participation active de CONCEPT dans les r\u00e9unions annuelles de la Banque Islamique de D\u00e9veloppement \u00e0 Alger \u00a0\u00a0 - concept","isPartOf":{"@id":"https:\/\/www.concept.tn\/#website"},"primaryImageOfPage":{"@id":"https:\/\/www.concept.tn\/2025\/06\/03\/mai-2025-participation-active-de-concept-dans-les-reunions-annuelles-de-la-banque-islamique-de-developpement-a-alger\/#primaryimage"},"image":{"@id":"https:\/\/www.concept.tn\/2025\/06\/03\/mai-2025-participation-active-de-concept-dans-les-reunions-annuelles-de-la-banque-islamique-de-developpement-a-alger\/#primaryimage"},"thumbnailUrl":"https:\/\/www.concept.tn\/wp-content\/uploads\/2025\/06\/images.jpg","datePublished":"2025-06-03T07:25:05+00:00","dateModified":"2025-06-04T09:02:50+00:00","author":{"@id":"https:\/\/www.concept.tn\/#\/schema\/person\/1761b592d52bd7d773b4c1111ac75241"},"description":"Mai 2025\u202f: Participation active de CONCEPT dans les r\u00e9unions annuelles de la Banque Islamique de D\u00e9veloppement \u00e0 Alger","breadcrumb":{"@id":"https:\/\/www.concept.tn\/2025\/06\/03\/mai-2025-participation-active-de-concept-dans-les-reunions-annuelles-de-la-banque-islamique-de-developpement-a-alger\/#breadcrumb"},"inLanguage":"en-GB","potentialAction":[{"@type":"ReadAction","target":["https:\/\/www.concept.tn\/2025\/06\/03\/mai-2025-participation-active-de-concept-dans-les-reunions-annuelles-de-la-banque-islamique-de-developpement-a-alger\/"]}]},{"@type":"ImageObject","inLanguage":"en-GB","@id":"https:\/\/www.concept.tn\/2025\/06\/03\/mai-2025-participation-active-de-concept-dans-les-reunions-annuelles-de-la-banque-islamique-de-developpement-a-alger\/#primaryimage","url":"https:\/\/www.concept.tn\/wp-content\/uploads\/2025\/06\/images.jpg","contentUrl":"https:\/\/www.concept.tn\/wp-content\/uploads\/2025\/06\/images.jpg","width":310,"height":163,"caption":"D\u00e9veloppement"},{"@type":"BreadcrumbList","@id":"https:\/\/www.concept.tn\/2025\/06\/03\/mai-2025-participation-active-de-concept-dans-les-reunions-annuelles-de-la-banque-islamique-de-developpement-a-alger\/#breadcrumb","itemListElement":[{"@type":"ListItem","position":1,"name":"Accueil","item":"https:\/\/www.concept.tn\/"},{"@type":"ListItem","position":2,"name":"Mai 2025\u202f: Participation active de CONCEPT dans les r\u00e9unions annuelles de la Banque Islamique de D\u00e9veloppement \u00e0 Alger \u00a0\u00a0"}]},{"@type":"WebSite","@id":"https:\/\/www.concept.tn\/#website","url":"https:\/\/www.concept.tn\/","name":"concept","description":"L\u2019ing\u00e9nierie au service du d\u00e9veloppement durable","potentialAction":[{"@type":"SearchAction","target":{"@type":"EntryPoint","urlTemplate":"https:\/\/www.concept.tn\/?s={search_term_string}"},"query-input":{"@type":"PropertyValueSpecification","valueRequired":true,"valueName":"search_term_string"}}],"inLanguage":"en-GB"},{"@type":"Person","@id":"https:\/\/www.concept.tn\/#\/schema\/person\/1761b592d52bd7d773b4c1111ac75241","name":"admin","image":{"@type":"ImageObject","inLanguage":"en-GB","@id":"https:\/\/www.concept.tn\/#\/schema\/person\/image\/","url":"https:\/\/secure.gravatar.com\/avatar\/e397dd37c6fa3c3cc8949d9e3b3b89c39b19d1d82f7cbcc63891f96341096a08?s=96&d=mm&r=g","contentUrl":"https:\/\/secure.gravatar.com\/avatar\/e397dd37c6fa3c3cc8949d9e3b3b89c39b19d1d82f7cbcc63891f96341096a08?s=96&d=mm&r=g","caption":"admin"},"sameAs":["http:\/\/concept.local"],"url":"https:\/\/www.concept.tn\/en\/author\/admin\/"}]}},"_links":{"self":[{"href":"https:\/\/www.concept.tn\/en\/wp-json\/wp\/v2\/posts\/14529","targetHints":{"allow":["GET"]}}],"collection":[{"href":"https:\/\/www.concept.tn\/en\/wp-json\/wp\/v2\/posts"}],"about":[{"href":"https:\/\/www.concept.tn\/en\/wp-json\/wp\/v2\/types\/post"}],"author":[{"embeddable":true,"href":"https:\/\/www.concept.tn\/en\/wp-json\/wp\/v2\/users\/1"}],"replies":[{"embeddable":true,"href":"https:\/\/www.concept.tn\/en\/wp-json\/wp\/v2\/comments?post=14529"}],"version-history":[{"count":2,"href":"https:\/\/www.concept.tn\/en\/wp-json\/wp\/v2\/posts\/14529\/revisions"}],"predecessor-version":[{"id":14533,"href":"https:\/\/www.concept.tn\/en\/wp-json\/wp\/v2\/posts\/14529\/revisions\/14533"}],"wp:featuredmedia":[{"embeddable":true,"href":"https:\/\/www.concept.tn\/en\/wp-json\/wp\/v2\/media\/14530"}],"wp:attachment":[{"href":"https:\/\/www.concept.tn\/en\/wp-json\/wp\/v2\/media?parent=14529"}],"wp:term":[{"taxonomy":"category","embeddable":true,"href":"https:\/\/www.concept.tn\/en\/wp-json\/wp\/v2\/categories?post=14529"},{"taxonomy":"post_tag","embeddable":true,"href":"https:\/\/www.concept.tn\/en\/wp-json\/wp\/v2\/tags?post=14529"}],"curies":[{"name":"wp","href":"https:\/\/api.w.org\/{rel}","templated":true}]}}