{"id":14534,"date":"2025-06-04T12:08:48","date_gmt":"2025-06-04T10:08:48","guid":{"rendered":"https:\/\/www.concept.tn\/?p=14534"},"modified":"2025-06-04T12:08:50","modified_gmt":"2025-06-04T10:08:50","slug":"concept-presente-aux-reunions-annuelles-de-la-bad-2025","status":"publish","type":"post","link":"https:\/\/www.concept.tn\/en\/2025\/06\/04\/concept-presente-aux-reunions-annuelles-de-la-bad-2025\/","title":{"rendered":"CONCEPT PRESENTS AT THE 2025 AfDB ANNUAL MEETINGS"},"content":{"rendered":"<p>Abidjan, During the week of May 26 to 30, 2025, the group \u00a0<a href=\"https:\/\/www.concept.tn\/en\/\">CONCEPT<\/a>\u00a0took part in the annual meetings of the African Development Bank (<a href=\"https:\/\/www.afdb.org\/fr\">AfDB<\/a>), organized this year around the theme:<\/p>\n\n\n\n<p>\u201cMaking the most of Africa\u2019s capital to promote its development.\u201d<\/p>\n\n\n\n<p>Participation in Strategic Content Parallel Events<\/p>\n\n\n\n<p>Mr. Nouri, CEO of the CONCEPT Group, took part in key sessions covering crucial issues for Africa, including:<\/p>\n\n\n\n<ul class=\"wp-block-list\">\n<li>Climate finance and the energy transition<\/li>\n\n\n\n<li>Implementation of the African Union Agenda 2063<\/li>\n\n\n\n<li>Strategic investments to enhance natural resources<\/li>\n\n\n\n<li>Modernizing African economies through digital technology.<\/li>\n<\/ul>\n\n\n\n<p>Discussions, led by panels of international experts, also provided an opportunity to present and discuss major reports produced by the AfDB, such as:<br>\u2714 The African Economic Outlook 2025<br>\u2714 The African Public Service Delivery Index<\/p>\n\n\n\n<p>Meetings with Ministers and Senior Officials of the AfDB<\/p>\n\n\n\n<p>On the sidelines of the meetings, Mr. Nouri met with important figures, including:<\/p>\n\n\n\n<ul class=\"wp-block-list\">\n<li>The Ivorian Minister of Hydraulics, Sanitation and Health<\/li>\n\n\n\n<li>The Guinean Minister of Finance<\/li>\n<\/ul>\n\n\n\n<p>These discussions confirmed CONCEPT's commitment to these countries, where the group has been operating for over a decade. The Ministers were also informed of the progress of ongoing projects entrusted to CONCEPT in their respective countries.<\/p>\n\n\n\n<p>Other meetings also took place with senior AfDB officials, opportunities to inform them of CONCEPT's arrangements to contribute to future operations that will be initiated by the Bank in the sectors of Water, Sanitation, Waste and Renewable Energy.<\/p>\n\n\n\n<p>A Commitment to Sanitation in Africa<\/p>\n\n\n\n<p>An information exchange meeting was also held with officials from the African Water Facility (AWF), the AfDB's body for mobilizing financing for the water and sanitation sector. Earlier this year, the AWF had entrusted the EY \u2013 CONCEPT consortium with a major study on the state of the sanitation sector in six African countries, with a view to identifying a priority investment program within the framework of the African Union Sanitation Investment Initiative (AUSII). The meeting provided an opportunity to discuss the progress of the pilot study and the prospects for sharing its results with other countries on the continent through similar projects.<\/p>","protected":false},"excerpt":{"rendered":"<p>Abidjan, Lors de la\u00a0semaine du 26 au 30 mai 2025, le groupe \u00a0CONCEPT\u00a0a pris part aux\u00a0 r\u00e9unions annuelles de la Banque Africaine de D\u00e9veloppement (BAD), organis\u00e9es cette ann\u00e9e autour du th\u00e8me : \u00ab Tirer le meilleur parti du capital de l\u2019Afrique pour favoriser son d\u00e9veloppement \u00bb. Participation \u00e0 des \u00c9v\u00e9nements Parall\u00e8les de contenus strat\u00e9giques Monsieur&nbsp;Nouri, [&hellip;]<\/p>","protected":false},"author":1,"featured_media":14535,"comment_status":"closed","ping_status":"closed","sticky":false,"template":"","format":"standard","meta":{"footnotes":""},"categories":[50],"tags":[],"class_list":["post-14534","post","type-post","status-publish","format-standard","has-post-thumbnail","hentry","category-actualite-entreprise"],"yoast_head":"<!-- This site is optimized with the Yoast SEO plugin v24.5 - https:\/\/yoast.com\/wordpress\/plugins\/seo\/ -->\n<title>CONCEPT PRESENTE AUX REUNIONS ANNUELLES DE LA BAD 2025 - concept<\/title>\n<meta name=\"description\" content=\"Mai 2025: le groupe \u00a0CONCEPT\u00a0a pris part aux\u00a0 r\u00e9unions annuelles de la Banque Africaine de D\u00e9veloppement (BAD)\" \/>\n<meta name=\"robots\" content=\"index, follow, max-snippet:-1, max-image-preview:large, max-video-preview:-1\" \/>\n<link rel=\"canonical\" href=\"https:\/\/www.concept.tn\/en\/2025\/06\/04\/concept-presente-aux-reunions-annuelles-de-la-bad-2025\/\" \/>\n<meta property=\"og:locale\" content=\"en_GB\" \/>\n<meta property=\"og:type\" content=\"article\" \/>\n<meta property=\"og:title\" content=\"CONCEPT PRESENTE AUX REUNIONS ANNUELLES DE LA BAD 2025 - concept\" \/>\n<meta property=\"og:description\" content=\"Mai 2025: le groupe \u00a0CONCEPT\u00a0a pris part aux\u00a0 r\u00e9unions annuelles de la Banque Africaine de D\u00e9veloppement (BAD)\" \/>\n<meta property=\"og:url\" content=\"https:\/\/www.concept.tn\/en\/2025\/06\/04\/concept-presente-aux-reunions-annuelles-de-la-bad-2025\/\" \/>\n<meta property=\"og:site_name\" content=\"concept\" \/>\n<meta property=\"article:published_time\" content=\"2025-06-04T10:08:48+00:00\" \/>\n<meta property=\"article:modified_time\" content=\"2025-06-04T10:08:50+00:00\" \/>\n<meta property=\"og:image\" content=\"https:\/\/www.concept.tn\/wp-content\/uploads\/2025\/06\/am-2025-officiel-1500x617_vf_0.webp\" \/>\n\t<meta property=\"og:image:width\" content=\"1500\" \/>\n\t<meta property=\"og:image:height\" content=\"617\" \/>\n\t<meta property=\"og:image:type\" content=\"image\/webp\" \/>\n<meta name=\"author\" content=\"admin\" \/>\n<meta name=\"twitter:card\" content=\"summary_large_image\" \/>\n<meta name=\"twitter:label1\" content=\"Written by\" \/>\n\t<meta name=\"twitter:data1\" content=\"admin\" \/>\n\t<meta name=\"twitter:label2\" content=\"Estimated reading time\" \/>\n\t<meta name=\"twitter:data2\" content=\"3 minutes\" \/>\n<script type=\"application\/ld+json\" class=\"yoast-schema-graph\">{\"@context\":\"https:\/\/schema.org\",\"@graph\":[{\"@type\":\"WebPage\",\"@id\":\"https:\/\/www.concept.tn\/2025\/06\/04\/concept-presente-aux-reunions-annuelles-de-la-bad-2025\/\",\"url\":\"https:\/\/www.concept.tn\/2025\/06\/04\/concept-presente-aux-reunions-annuelles-de-la-bad-2025\/\",\"name\":\"CONCEPT PRESENTE AUX REUNIONS ANNUELLES DE LA BAD 2025 - concept\",\"isPartOf\":{\"@id\":\"https:\/\/www.concept.tn\/#website\"},\"primaryImageOfPage\":{\"@id\":\"https:\/\/www.concept.tn\/2025\/06\/04\/concept-presente-aux-reunions-annuelles-de-la-bad-2025\/#primaryimage\"},\"image\":{\"@id\":\"https:\/\/www.concept.tn\/2025\/06\/04\/concept-presente-aux-reunions-annuelles-de-la-bad-2025\/#primaryimage\"},\"thumbnailUrl\":\"https:\/\/www.concept.tn\/wp-content\/uploads\/2025\/06\/am-2025-officiel-1500x617_vf_0.webp\",\"datePublished\":\"2025-06-04T10:08:48+00:00\",\"dateModified\":\"2025-06-04T10:08:50+00:00\",\"author\":{\"@id\":\"https:\/\/www.concept.tn\/#\/schema\/person\/1761b592d52bd7d773b4c1111ac75241\"},\"description\":\"Mai 2025: le groupe \u00a0CONCEPT\u00a0a pris part aux\u00a0 r\u00e9unions annuelles de la Banque Africaine de D\u00e9veloppement (BAD)\",\"breadcrumb\":{\"@id\":\"https:\/\/www.concept.tn\/2025\/06\/04\/concept-presente-aux-reunions-annuelles-de-la-bad-2025\/#breadcrumb\"},\"inLanguage\":\"en-GB\",\"potentialAction\":[{\"@type\":\"ReadAction\",\"target\":[\"https:\/\/www.concept.tn\/2025\/06\/04\/concept-presente-aux-reunions-annuelles-de-la-bad-2025\/\"]}]},{\"@type\":\"ImageObject\",\"inLanguage\":\"en-GB\",\"@id\":\"https:\/\/www.concept.tn\/2025\/06\/04\/concept-presente-aux-reunions-annuelles-de-la-bad-2025\/#primaryimage\",\"url\":\"https:\/\/www.concept.tn\/wp-content\/uploads\/2025\/06\/am-2025-officiel-1500x617_vf_0.webp\",\"contentUrl\":\"https:\/\/www.concept.tn\/wp-content\/uploads\/2025\/06\/am-2025-officiel-1500x617_vf_0.webp\",\"width\":1500,\"height\":617,\"caption\":\"REUNIONS ANNUELLES\"},{\"@type\":\"BreadcrumbList\",\"@id\":\"https:\/\/www.concept.tn\/2025\/06\/04\/concept-presente-aux-reunions-annuelles-de-la-bad-2025\/#breadcrumb\",\"itemListElement\":[{\"@type\":\"ListItem\",\"position\":1,\"name\":\"Accueil\",\"item\":\"https:\/\/www.concept.tn\/\"},{\"@type\":\"ListItem\",\"position\":2,\"name\":\"CONCEPT PRESENTE AUX REUNIONS ANNUELLES DE LA BAD 2025\"}]},{\"@type\":\"WebSite\",\"@id\":\"https:\/\/www.concept.tn\/#website\",\"url\":\"https:\/\/www.concept.tn\/\",\"name\":\"concept\",\"description\":\"L\u2019ing\u00e9nierie au service du d\u00e9veloppement durable\",\"potentialAction\":[{\"@type\":\"SearchAction\",\"target\":{\"@type\":\"EntryPoint\",\"urlTemplate\":\"https:\/\/www.concept.tn\/?s={search_term_string}\"},\"query-input\":{\"@type\":\"PropertyValueSpecification\",\"valueRequired\":true,\"valueName\":\"search_term_string\"}}],\"inLanguage\":\"en-GB\"},{\"@type\":\"Person\",\"@id\":\"https:\/\/www.concept.tn\/#\/schema\/person\/1761b592d52bd7d773b4c1111ac75241\",\"name\":\"admin\",\"image\":{\"@type\":\"ImageObject\",\"inLanguage\":\"en-GB\",\"@id\":\"https:\/\/www.concept.tn\/#\/schema\/person\/image\/\",\"url\":\"https:\/\/secure.gravatar.com\/avatar\/e397dd37c6fa3c3cc8949d9e3b3b89c39b19d1d82f7cbcc63891f96341096a08?s=96&d=mm&r=g\",\"contentUrl\":\"https:\/\/secure.gravatar.com\/avatar\/e397dd37c6fa3c3cc8949d9e3b3b89c39b19d1d82f7cbcc63891f96341096a08?s=96&d=mm&r=g\",\"caption\":\"admin\"},\"sameAs\":[\"http:\/\/concept.local\"],\"url\":\"https:\/\/www.concept.tn\/en\/author\/admin\/\"}]}<\/script>\n<!-- \/ Yoast SEO plugin. -->","yoast_head_json":{"title":"CONCEPT PRESENTE AUX REUNIONS ANNUELLES DE LA BAD 2025 - concept","description":"Mai 2025: le groupe \u00a0CONCEPT\u00a0a pris part aux\u00a0 r\u00e9unions annuelles de la Banque Africaine de D\u00e9veloppement (BAD)","robots":{"index":"index","follow":"follow","max-snippet":"max-snippet:-1","max-image-preview":"max-image-preview:large","max-video-preview":"max-video-preview:-1"},"canonical":"https:\/\/www.concept.tn\/en\/2025\/06\/04\/concept-presente-aux-reunions-annuelles-de-la-bad-2025\/","og_locale":"en_GB","og_type":"article","og_title":"CONCEPT PRESENTE AUX REUNIONS ANNUELLES DE LA BAD 2025 - concept","og_description":"Mai 2025: le groupe \u00a0CONCEPT\u00a0a pris part aux\u00a0 r\u00e9unions annuelles de la Banque Africaine de D\u00e9veloppement (BAD)","og_url":"https:\/\/www.concept.tn\/en\/2025\/06\/04\/concept-presente-aux-reunions-annuelles-de-la-bad-2025\/","og_site_name":"concept","article_published_time":"2025-06-04T10:08:48+00:00","article_modified_time":"2025-06-04T10:08:50+00:00","og_image":[{"width":1500,"height":617,"url":"https:\/\/www.concept.tn\/wp-content\/uploads\/2025\/06\/am-2025-officiel-1500x617_vf_0.webp","type":"image\/webp"}],"author":"admin","twitter_card":"summary_large_image","twitter_misc":{"Written by":"admin","Estimated reading time":"3 minutes"},"schema":{"@context":"https:\/\/schema.org","@graph":[{"@type":"WebPage","@id":"https:\/\/www.concept.tn\/2025\/06\/04\/concept-presente-aux-reunions-annuelles-de-la-bad-2025\/","url":"https:\/\/www.concept.tn\/2025\/06\/04\/concept-presente-aux-reunions-annuelles-de-la-bad-2025\/","name":"CONCEPT PRESENTE AUX REUNIONS ANNUELLES DE LA BAD 2025 - concept","isPartOf":{"@id":"https:\/\/www.concept.tn\/#website"},"primaryImageOfPage":{"@id":"https:\/\/www.concept.tn\/2025\/06\/04\/concept-presente-aux-reunions-annuelles-de-la-bad-2025\/#primaryimage"},"image":{"@id":"https:\/\/www.concept.tn\/2025\/06\/04\/concept-presente-aux-reunions-annuelles-de-la-bad-2025\/#primaryimage"},"thumbnailUrl":"https:\/\/www.concept.tn\/wp-content\/uploads\/2025\/06\/am-2025-officiel-1500x617_vf_0.webp","datePublished":"2025-06-04T10:08:48+00:00","dateModified":"2025-06-04T10:08:50+00:00","author":{"@id":"https:\/\/www.concept.tn\/#\/schema\/person\/1761b592d52bd7d773b4c1111ac75241"},"description":"Mai 2025: le groupe \u00a0CONCEPT\u00a0a pris part aux\u00a0 r\u00e9unions annuelles de la Banque Africaine de D\u00e9veloppement (BAD)","breadcrumb":{"@id":"https:\/\/www.concept.tn\/2025\/06\/04\/concept-presente-aux-reunions-annuelles-de-la-bad-2025\/#breadcrumb"},"inLanguage":"en-GB","potentialAction":[{"@type":"ReadAction","target":["https:\/\/www.concept.tn\/2025\/06\/04\/concept-presente-aux-reunions-annuelles-de-la-bad-2025\/"]}]},{"@type":"ImageObject","inLanguage":"en-GB","@id":"https:\/\/www.concept.tn\/2025\/06\/04\/concept-presente-aux-reunions-annuelles-de-la-bad-2025\/#primaryimage","url":"https:\/\/www.concept.tn\/wp-content\/uploads\/2025\/06\/am-2025-officiel-1500x617_vf_0.webp","contentUrl":"https:\/\/www.concept.tn\/wp-content\/uploads\/2025\/06\/am-2025-officiel-1500x617_vf_0.webp","width":1500,"height":617,"caption":"REUNIONS ANNUELLES"},{"@type":"BreadcrumbList","@id":"https:\/\/www.concept.tn\/2025\/06\/04\/concept-presente-aux-reunions-annuelles-de-la-bad-2025\/#breadcrumb","itemListElement":[{"@type":"ListItem","position":1,"name":"Accueil","item":"https:\/\/www.concept.tn\/"},{"@type":"ListItem","position":2,"name":"CONCEPT PRESENTE AUX REUNIONS ANNUELLES DE LA BAD 2025"}]},{"@type":"WebSite","@id":"https:\/\/www.concept.tn\/#website","url":"https:\/\/www.concept.tn\/","name":"concept","description":"L\u2019ing\u00e9nierie au service du d\u00e9veloppement durable","potentialAction":[{"@type":"SearchAction","target":{"@type":"EntryPoint","urlTemplate":"https:\/\/www.concept.tn\/?s={search_term_string}"},"query-input":{"@type":"PropertyValueSpecification","valueRequired":true,"valueName":"search_term_string"}}],"inLanguage":"en-GB"},{"@type":"Person","@id":"https:\/\/www.concept.tn\/#\/schema\/person\/1761b592d52bd7d773b4c1111ac75241","name":"admin","image":{"@type":"ImageObject","inLanguage":"en-GB","@id":"https:\/\/www.concept.tn\/#\/schema\/person\/image\/","url":"https:\/\/secure.gravatar.com\/avatar\/e397dd37c6fa3c3cc8949d9e3b3b89c39b19d1d82f7cbcc63891f96341096a08?s=96&d=mm&r=g","contentUrl":"https:\/\/secure.gravatar.com\/avatar\/e397dd37c6fa3c3cc8949d9e3b3b89c39b19d1d82f7cbcc63891f96341096a08?s=96&d=mm&r=g","caption":"admin"},"sameAs":["http:\/\/concept.local"],"url":"https:\/\/www.concept.tn\/en\/author\/admin\/"}]}},"_links":{"self":[{"href":"https:\/\/www.concept.tn\/en\/wp-json\/wp\/v2\/posts\/14534","targetHints":{"allow":["GET"]}}],"collection":[{"href":"https:\/\/www.concept.tn\/en\/wp-json\/wp\/v2\/posts"}],"about":[{"href":"https:\/\/www.concept.tn\/en\/wp-json\/wp\/v2\/types\/post"}],"author":[{"embeddable":true,"href":"https:\/\/www.concept.tn\/en\/wp-json\/wp\/v2\/users\/1"}],"replies":[{"embeddable":true,"href":"https:\/\/www.concept.tn\/en\/wp-json\/wp\/v2\/comments?post=14534"}],"version-history":[{"count":1,"href":"https:\/\/www.concept.tn\/en\/wp-json\/wp\/v2\/posts\/14534\/revisions"}],"predecessor-version":[{"id":14536,"href":"https:\/\/www.concept.tn\/en\/wp-json\/wp\/v2\/posts\/14534\/revisions\/14536"}],"wp:featuredmedia":[{"embeddable":true,"href":"https:\/\/www.concept.tn\/en\/wp-json\/wp\/v2\/media\/14535"}],"wp:attachment":[{"href":"https:\/\/www.concept.tn\/en\/wp-json\/wp\/v2\/media?parent=14534"}],"wp:term":[{"taxonomy":"category","embeddable":true,"href":"https:\/\/www.concept.tn\/en\/wp-json\/wp\/v2\/categories?post=14534"},{"taxonomy":"post_tag","embeddable":true,"href":"https:\/\/www.concept.tn\/en\/wp-json\/wp\/v2\/tags?post=14534"}],"curies":[{"name":"wp","href":"https:\/\/api.w.org\/{rel}","templated":true}]}}