{"id":14609,"date":"2026-03-13T09:58:26","date_gmt":"2026-03-13T08:58:26","guid":{"rendered":"https:\/\/www.concept.tn\/?p=14609"},"modified":"2026-03-13T09:58:29","modified_gmt":"2026-03-13T08:58:29","slug":"projet-gestion-dechets-kaedi-presentation-aps-fevrier-2026","status":"publish","type":"post","link":"https:\/\/www.concept.tn\/en\/2026\/03\/13\/projet-gestion-dechets-kaedi-presentation-aps-fevrier-2026\/","title":{"rendered":"FEBRUARY 2026: WASTE MANAGEMENT PROJECT IN KA\u00c9DI, PRESENTATION OF THE APS AND VALIDATION OF SITES"},"content":{"rendered":"<p>In the context of the sustainable development of the city of <a href=\"https:\/\/fr.wikipedia.org\/wiki\/Ka%C3%A9di\">Ka\u00e9di<\/a>, <a href=\"https:\/\/www.concept.tn\/en\/\">CONCEPT<\/a> carried out a strategic mission from February 23 to 27, 2026. This intervention marks a significant step forward for the city's waste management and recovery project, combining strategic planning with in-depth technical studies<\/p>\n\n\n\n<p><strong>Objectives and conduct of the Mission: Planning and Technical Validation<\/strong><\/p>\n\n\n\n<p>This mission was structured around three fundamental axes for the success of the project:<\/p>\n\n\n\n<ul class=\"wp-block-list\">\n<li>Progress of technical studies: Completion of topographical and geotechnical survey campaigns. This data is essential for moving to the Detailed Preliminary Design (DPD) phase and was carried out in close collaboration with specialized firms and the technical services of the Ka\u00e9di city council.<\/li>\n<\/ul>\n\n\n\n<ul class=\"wp-block-list\">\n<li>Strategic validation: Official presentation of the master plan for waste management and the Summary Preliminary Design to the local authorities. This step led to obtaining validation from the Mayor and the municipal council regarding the implementation of the general waste management plan in the city, notably its financing mechanisms, as well as the technical choices and location of future management equipment and infrastructures (transfer centers and a technical landfill center). This municipal decision validates the relevance of the studies and paves the way for the continuation of the operational phases.<\/li>\n<\/ul>\n\n\n\n<ul class=\"wp-block-list\">\n<li>Environmental and social scoping: Presentation of the terms of reference (ToR) for the project's Environmental and Social Impact Assessment (ESIA) to the Directorate of Environmental Assessment and Control of the Ministry of Environment and Sustainable Development. This step resulted in the unconditional validation of these ToR, paving the way for the swift preparation of the project's ESIA.<\/li>\n<\/ul>","protected":false},"excerpt":{"rendered":"<p>Dans le cadre du d\u00e9veloppement durable de la ville de Ka\u00e9di, CONCEPT a r\u00e9alis\u00e9 une mission strat\u00e9gique du 23 au 27 f\u00e9vrier 2026. Cette intervention marque une avanc\u00e9e importante pour le projet de gestion et de valorisation des d\u00e9chets de la ville, en conciliant planification strat\u00e9gique et \u00e9tudes techniques approfondies. Objectifs et d\u00e9roulement de la [&hellip;]<\/p>","protected":false},"author":1,"featured_media":14610,"comment_status":"closed","ping_status":"closed","sticky":false,"template":"","format":"standard","meta":{"footnotes":""},"categories":[49],"tags":[],"class_list":["post-14609","post","type-post","status-publish","format-standard","has-post-thumbnail","hentry","category-actualite-projet"],"yoast_head":"<!-- This site is optimized with the Yoast SEO plugin v24.5 - https:\/\/yoast.com\/wordpress\/plugins\/seo\/ -->\n<title>FEVRIER 2026 : PROJET DE GESTION DES DECHETS A KAEDI, PRESENTATION DE L\u2019APS ET VALIDATION DES SITES - concept<\/title>\n<meta name=\"description\" content=\"F\u00e9vrier 2026 : Projet de gestion des d\u00e9chets \u00e0 Ka\u00e9di. L&#039;APS pr\u00e9sente son plan et valide les sites d&#039;implantation. Infos et objectifs.\" \/>\n<meta name=\"robots\" content=\"index, follow, max-snippet:-1, max-image-preview:large, max-video-preview:-1\" \/>\n<link rel=\"canonical\" href=\"https:\/\/www.concept.tn\/en\/2026\/03\/13\/projet-gestion-dechets-kaedi-presentation-aps-fevrier-2026\/\" \/>\n<meta property=\"og:locale\" content=\"en_GB\" \/>\n<meta property=\"og:type\" content=\"article\" \/>\n<meta property=\"og:title\" content=\"FEVRIER 2026 : PROJET DE GESTION DES DECHETS A KAEDI, PRESENTATION DE L\u2019APS ET VALIDATION DES SITES - concept\" \/>\n<meta property=\"og:description\" content=\"F\u00e9vrier 2026 : Projet de gestion des d\u00e9chets \u00e0 Ka\u00e9di. L&#039;APS pr\u00e9sente son plan et valide les sites d&#039;implantation. Infos et objectifs.\" \/>\n<meta property=\"og:url\" content=\"https:\/\/www.concept.tn\/en\/2026\/03\/13\/projet-gestion-dechets-kaedi-presentation-aps-fevrier-2026\/\" \/>\n<meta property=\"og:site_name\" content=\"concept\" \/>\n<meta property=\"article:published_time\" content=\"2026-03-13T08:58:26+00:00\" \/>\n<meta property=\"article:modified_time\" content=\"2026-03-13T08:58:29+00:00\" \/>\n<meta property=\"og:image\" content=\"https:\/\/www.concept.tn\/wp-content\/uploads\/2026\/03\/KAEDI_5.jpeg\" \/>\n\t<meta property=\"og:image:width\" content=\"1200\" \/>\n\t<meta property=\"og:image:height\" content=\"1600\" \/>\n\t<meta property=\"og:image:type\" content=\"image\/jpeg\" \/>\n<meta name=\"author\" content=\"admin\" \/>\n<meta name=\"twitter:card\" content=\"summary_large_image\" \/>\n<meta name=\"twitter:label1\" content=\"Written by\" \/>\n\t<meta name=\"twitter:data1\" content=\"admin\" \/>\n\t<meta name=\"twitter:label2\" content=\"Estimated reading time\" \/>\n\t<meta name=\"twitter:data2\" content=\"2 minutes\" \/>\n<script type=\"application\/ld+json\" class=\"yoast-schema-graph\">{\"@context\":\"https:\/\/schema.org\",\"@graph\":[{\"@type\":\"WebPage\",\"@id\":\"https:\/\/www.concept.tn\/2026\/03\/13\/projet-gestion-dechets-kaedi-presentation-aps-fevrier-2026\/\",\"url\":\"https:\/\/www.concept.tn\/2026\/03\/13\/projet-gestion-dechets-kaedi-presentation-aps-fevrier-2026\/\",\"name\":\"FEVRIER 2026 : PROJET DE GESTION DES DECHETS A KAEDI, PRESENTATION DE L\u2019APS ET VALIDATION DES SITES - concept\",\"isPartOf\":{\"@id\":\"https:\/\/www.concept.tn\/#website\"},\"primaryImageOfPage\":{\"@id\":\"https:\/\/www.concept.tn\/2026\/03\/13\/projet-gestion-dechets-kaedi-presentation-aps-fevrier-2026\/#primaryimage\"},\"image\":{\"@id\":\"https:\/\/www.concept.tn\/2026\/03\/13\/projet-gestion-dechets-kaedi-presentation-aps-fevrier-2026\/#primaryimage\"},\"thumbnailUrl\":\"https:\/\/www.concept.tn\/wp-content\/uploads\/2026\/03\/KAEDI_5.jpeg\",\"datePublished\":\"2026-03-13T08:58:26+00:00\",\"dateModified\":\"2026-03-13T08:58:29+00:00\",\"author\":{\"@id\":\"https:\/\/www.concept.tn\/#\/schema\/person\/1761b592d52bd7d773b4c1111ac75241\"},\"description\":\"F\u00e9vrier 2026 : Projet de gestion des d\u00e9chets \u00e0 Ka\u00e9di. L'APS pr\u00e9sente son plan et valide les sites d'implantation. Infos et objectifs.\",\"breadcrumb\":{\"@id\":\"https:\/\/www.concept.tn\/2026\/03\/13\/projet-gestion-dechets-kaedi-presentation-aps-fevrier-2026\/#breadcrumb\"},\"inLanguage\":\"en-GB\",\"potentialAction\":[{\"@type\":\"ReadAction\",\"target\":[\"https:\/\/www.concept.tn\/2026\/03\/13\/projet-gestion-dechets-kaedi-presentation-aps-fevrier-2026\/\"]}]},{\"@type\":\"ImageObject\",\"inLanguage\":\"en-GB\",\"@id\":\"https:\/\/www.concept.tn\/2026\/03\/13\/projet-gestion-dechets-kaedi-presentation-aps-fevrier-2026\/#primaryimage\",\"url\":\"https:\/\/www.concept.tn\/wp-content\/uploads\/2026\/03\/KAEDI_5.jpeg\",\"contentUrl\":\"https:\/\/www.concept.tn\/wp-content\/uploads\/2026\/03\/KAEDI_5.jpeg\",\"width\":1200,\"height\":1600,\"caption\":\"KAEDI\"},{\"@type\":\"BreadcrumbList\",\"@id\":\"https:\/\/www.concept.tn\/2026\/03\/13\/projet-gestion-dechets-kaedi-presentation-aps-fevrier-2026\/#breadcrumb\",\"itemListElement\":[{\"@type\":\"ListItem\",\"position\":1,\"name\":\"Accueil\",\"item\":\"https:\/\/www.concept.tn\/\"},{\"@type\":\"ListItem\",\"position\":2,\"name\":\"FEVRIER 2026 : PROJET DE GESTION DES DECHETS A KAEDI, PRESENTATION DE L\u2019APS ET VALIDATION DES SITES\"}]},{\"@type\":\"WebSite\",\"@id\":\"https:\/\/www.concept.tn\/#website\",\"url\":\"https:\/\/www.concept.tn\/\",\"name\":\"concept\",\"description\":\"L\u2019ing\u00e9nierie au service du d\u00e9veloppement durable\",\"potentialAction\":[{\"@type\":\"SearchAction\",\"target\":{\"@type\":\"EntryPoint\",\"urlTemplate\":\"https:\/\/www.concept.tn\/?s={search_term_string}\"},\"query-input\":{\"@type\":\"PropertyValueSpecification\",\"valueRequired\":true,\"valueName\":\"search_term_string\"}}],\"inLanguage\":\"en-GB\"},{\"@type\":\"Person\",\"@id\":\"https:\/\/www.concept.tn\/#\/schema\/person\/1761b592d52bd7d773b4c1111ac75241\",\"name\":\"admin\",\"image\":{\"@type\":\"ImageObject\",\"inLanguage\":\"en-GB\",\"@id\":\"https:\/\/www.concept.tn\/#\/schema\/person\/image\/\",\"url\":\"https:\/\/secure.gravatar.com\/avatar\/e397dd37c6fa3c3cc8949d9e3b3b89c39b19d1d82f7cbcc63891f96341096a08?s=96&d=mm&r=g\",\"contentUrl\":\"https:\/\/secure.gravatar.com\/avatar\/e397dd37c6fa3c3cc8949d9e3b3b89c39b19d1d82f7cbcc63891f96341096a08?s=96&d=mm&r=g\",\"caption\":\"admin\"},\"sameAs\":[\"http:\/\/concept.local\"],\"url\":\"https:\/\/www.concept.tn\/en\/author\/admin\/\"}]}<\/script>\n<!-- \/ Yoast SEO plugin. -->","yoast_head_json":{"title":"FEVRIER 2026 : PROJET DE GESTION DES DECHETS A KAEDI, PRESENTATION DE L\u2019APS ET VALIDATION DES SITES - concept","description":"F\u00e9vrier 2026 : Projet de gestion des d\u00e9chets \u00e0 Ka\u00e9di. L'APS pr\u00e9sente son plan et valide les sites d'implantation. Infos et objectifs.","robots":{"index":"index","follow":"follow","max-snippet":"max-snippet:-1","max-image-preview":"max-image-preview:large","max-video-preview":"max-video-preview:-1"},"canonical":"https:\/\/www.concept.tn\/en\/2026\/03\/13\/projet-gestion-dechets-kaedi-presentation-aps-fevrier-2026\/","og_locale":"en_GB","og_type":"article","og_title":"FEVRIER 2026 : PROJET DE GESTION DES DECHETS A KAEDI, PRESENTATION DE L\u2019APS ET VALIDATION DES SITES - concept","og_description":"F\u00e9vrier 2026 : Projet de gestion des d\u00e9chets \u00e0 Ka\u00e9di. L'APS pr\u00e9sente son plan et valide les sites d'implantation. Infos et objectifs.","og_url":"https:\/\/www.concept.tn\/en\/2026\/03\/13\/projet-gestion-dechets-kaedi-presentation-aps-fevrier-2026\/","og_site_name":"concept","article_published_time":"2026-03-13T08:58:26+00:00","article_modified_time":"2026-03-13T08:58:29+00:00","og_image":[{"width":1200,"height":1600,"url":"https:\/\/www.concept.tn\/wp-content\/uploads\/2026\/03\/KAEDI_5.jpeg","type":"image\/jpeg"}],"author":"admin","twitter_card":"summary_large_image","twitter_misc":{"Written by":"admin","Estimated reading time":"2 minutes"},"schema":{"@context":"https:\/\/schema.org","@graph":[{"@type":"WebPage","@id":"https:\/\/www.concept.tn\/2026\/03\/13\/projet-gestion-dechets-kaedi-presentation-aps-fevrier-2026\/","url":"https:\/\/www.concept.tn\/2026\/03\/13\/projet-gestion-dechets-kaedi-presentation-aps-fevrier-2026\/","name":"FEVRIER 2026 : PROJET DE GESTION DES DECHETS A KAEDI, PRESENTATION DE L\u2019APS ET VALIDATION DES SITES - concept","isPartOf":{"@id":"https:\/\/www.concept.tn\/#website"},"primaryImageOfPage":{"@id":"https:\/\/www.concept.tn\/2026\/03\/13\/projet-gestion-dechets-kaedi-presentation-aps-fevrier-2026\/#primaryimage"},"image":{"@id":"https:\/\/www.concept.tn\/2026\/03\/13\/projet-gestion-dechets-kaedi-presentation-aps-fevrier-2026\/#primaryimage"},"thumbnailUrl":"https:\/\/www.concept.tn\/wp-content\/uploads\/2026\/03\/KAEDI_5.jpeg","datePublished":"2026-03-13T08:58:26+00:00","dateModified":"2026-03-13T08:58:29+00:00","author":{"@id":"https:\/\/www.concept.tn\/#\/schema\/person\/1761b592d52bd7d773b4c1111ac75241"},"description":"F\u00e9vrier 2026 : Projet de gestion des d\u00e9chets \u00e0 Ka\u00e9di. L'APS pr\u00e9sente son plan et valide les sites d'implantation. Infos et objectifs.","breadcrumb":{"@id":"https:\/\/www.concept.tn\/2026\/03\/13\/projet-gestion-dechets-kaedi-presentation-aps-fevrier-2026\/#breadcrumb"},"inLanguage":"en-GB","potentialAction":[{"@type":"ReadAction","target":["https:\/\/www.concept.tn\/2026\/03\/13\/projet-gestion-dechets-kaedi-presentation-aps-fevrier-2026\/"]}]},{"@type":"ImageObject","inLanguage":"en-GB","@id":"https:\/\/www.concept.tn\/2026\/03\/13\/projet-gestion-dechets-kaedi-presentation-aps-fevrier-2026\/#primaryimage","url":"https:\/\/www.concept.tn\/wp-content\/uploads\/2026\/03\/KAEDI_5.jpeg","contentUrl":"https:\/\/www.concept.tn\/wp-content\/uploads\/2026\/03\/KAEDI_5.jpeg","width":1200,"height":1600,"caption":"KAEDI"},{"@type":"BreadcrumbList","@id":"https:\/\/www.concept.tn\/2026\/03\/13\/projet-gestion-dechets-kaedi-presentation-aps-fevrier-2026\/#breadcrumb","itemListElement":[{"@type":"ListItem","position":1,"name":"Accueil","item":"https:\/\/www.concept.tn\/"},{"@type":"ListItem","position":2,"name":"FEVRIER 2026 : PROJET DE GESTION DES DECHETS A KAEDI, PRESENTATION DE L\u2019APS ET VALIDATION DES SITES"}]},{"@type":"WebSite","@id":"https:\/\/www.concept.tn\/#website","url":"https:\/\/www.concept.tn\/","name":"concept","description":"L\u2019ing\u00e9nierie au service du d\u00e9veloppement durable","potentialAction":[{"@type":"SearchAction","target":{"@type":"EntryPoint","urlTemplate":"https:\/\/www.concept.tn\/?s={search_term_string}"},"query-input":{"@type":"PropertyValueSpecification","valueRequired":true,"valueName":"search_term_string"}}],"inLanguage":"en-GB"},{"@type":"Person","@id":"https:\/\/www.concept.tn\/#\/schema\/person\/1761b592d52bd7d773b4c1111ac75241","name":"admin","image":{"@type":"ImageObject","inLanguage":"en-GB","@id":"https:\/\/www.concept.tn\/#\/schema\/person\/image\/","url":"https:\/\/secure.gravatar.com\/avatar\/e397dd37c6fa3c3cc8949d9e3b3b89c39b19d1d82f7cbcc63891f96341096a08?s=96&d=mm&r=g","contentUrl":"https:\/\/secure.gravatar.com\/avatar\/e397dd37c6fa3c3cc8949d9e3b3b89c39b19d1d82f7cbcc63891f96341096a08?s=96&d=mm&r=g","caption":"admin"},"sameAs":["http:\/\/concept.local"],"url":"https:\/\/www.concept.tn\/en\/author\/admin\/"}]}},"_links":{"self":[{"href":"https:\/\/www.concept.tn\/en\/wp-json\/wp\/v2\/posts\/14609","targetHints":{"allow":["GET"]}}],"collection":[{"href":"https:\/\/www.concept.tn\/en\/wp-json\/wp\/v2\/posts"}],"about":[{"href":"https:\/\/www.concept.tn\/en\/wp-json\/wp\/v2\/types\/post"}],"author":[{"embeddable":true,"href":"https:\/\/www.concept.tn\/en\/wp-json\/wp\/v2\/users\/1"}],"replies":[{"embeddable":true,"href":"https:\/\/www.concept.tn\/en\/wp-json\/wp\/v2\/comments?post=14609"}],"version-history":[{"count":1,"href":"https:\/\/www.concept.tn\/en\/wp-json\/wp\/v2\/posts\/14609\/revisions"}],"predecessor-version":[{"id":14611,"href":"https:\/\/www.concept.tn\/en\/wp-json\/wp\/v2\/posts\/14609\/revisions\/14611"}],"wp:featuredmedia":[{"embeddable":true,"href":"https:\/\/www.concept.tn\/en\/wp-json\/wp\/v2\/media\/14610"}],"wp:attachment":[{"href":"https:\/\/www.concept.tn\/en\/wp-json\/wp\/v2\/media?parent=14609"}],"wp:term":[{"taxonomy":"category","embeddable":true,"href":"https:\/\/www.concept.tn\/en\/wp-json\/wp\/v2\/categories?post=14609"},{"taxonomy":"post_tag","embeddable":true,"href":"https:\/\/www.concept.tn\/en\/wp-json\/wp\/v2\/tags?post=14609"}],"curies":[{"name":"wp","href":"https:\/\/api.w.org\/{rel}","templated":true}]}}